{"id":117,"date":"2017-07-03T20:58:27","date_gmt":"2017-07-03T19:58:27","guid":{"rendered":"http:\/\/conseilfrancaisducerveau.org\/?p=117"},"modified":"2017-07-13T10:35:04","modified_gmt":"2017-07-13T09:35:04","slug":"expanding-brain-research-in-europe-le-conseil-francais-sinvestit-au-conseil-europeen-du-cerveau-ebc","status":"publish","type":"post","link":"http:\/\/conseilfrancaisducerveau.org\/index.php\/2017\/07\/03\/expanding-brain-research-in-europe-le-conseil-francais-sinvestit-au-conseil-europeen-du-cerveau-ebc\/","title":{"rendered":"&#8220;Expanding Brain Research in Europe&#8221;: le Conseil Fran\u00e7ais s&#8217;investit au Conseil Europ\u00e9en du Cerveau (EBC):"},"content":{"rendered":"<p>Notre association, repr\u00e9sent\u00e9e par son pr\u00e9sident, a particip\u00e9, au workshop\u00a0<strong>&#8220;Expanding brain research in Europe-a societal need?&#8221;<\/strong>\u00a0qui s&#8217;est tenu le 16 mars 2017 au Parlement europ\u00e9en \u00e0 Strasbourg (voir <a href=\"http:\/\/conseilfrancaisducerveau.org\/wp-content\/uploads\/2017\/07\/Invitation_LoveMyBrain.pdf\">affiche<\/a> et <a href=\"http:\/\/conseilfrancaisducerveau.org\/wp-content\/uploads\/2017\/07\/Programme_LoveMy-Brain_mars2017_StrasbourgV5.pdf\">programme<\/a> ci-joints). Au cours de ce workshop, notre coll\u00e8gue Marion Leboyer a fait une pr\u00e9sentation autour des maladies psychiatriques et les nouveau d\u00e9fis \u00e0 relever au sein de l\u2019Europe. Ci-dessous le r\u00e9sum\u00e9 de son intervention:<\/p>\n<p><strong>Marion Leboyer \u2013 Supporting research in psychiatry in Europe: A major societal issue<\/strong><\/p>\n<p>Mental disorders represent the single greatest economic and social burden on European society.<\/p>\n<p>The cost of mental disorders (excluding dementia and other organic brain disorders) in 2010 was estimated at \u20ac461 billion. This is the lowest current estimate for this fi gure, as it does not take into account the large additional costs associated with having co-occurring mental and physical disorders.<\/p>\n<p>With sufficient investment, mental health research could address the burdens in Europe, especially through research on prevention of mental disorders in young or at-risk populations, on improvement of understanding of causes, on developing new tools for diagnosis and innovative therapeutic strategies, thus promoting positive mental health in the general population. Such approaches have been advocated by the European Parliament and the European Commission, and Prof. Leboyer will outline the most pressing mental health research that takes advantage of Europe\u2019s infrastructure and research strengths, including the EU ROAMER project.<\/p>\n","protected":false},"excerpt":{"rendered":"<p>Notre association, repr\u00e9sent\u00e9e par son pr\u00e9sident, a particip\u00e9, au workshop\u00a0&#8220;Expanding brain research in Europe-a societal need?&#8221;\u00a0qui s&#8217;est tenu le 16 mars 2017 au Parlement europ\u00e9en \u00e0 Strasbourg (voir affiche et <a class=\"more-link\" href=\"http:\/\/conseilfrancaisducerveau.org\/index.php\/2017\/07\/03\/expanding-brain-research-in-europe-le-conseil-francais-sinvestit-au-conseil-europeen-du-cerveau-ebc\/\">Lire la suite \u2192<\/a><\/p>\n","protected":false},"author":1,"featured_media":0,"comment_status":"closed","ping_status":"closed","sticky":false,"template":"","format":"standard","meta":[],"categories":[1],"tags":[5,4],"_links":{"self":[{"href":"http:\/\/conseilfrancaisducerveau.org\/index.php\/wp-json\/wp\/v2\/posts\/117"}],"collection":[{"href":"http:\/\/conseilfrancaisducerveau.org\/index.php\/wp-json\/wp\/v2\/posts"}],"about":[{"href":"http:\/\/conseilfrancaisducerveau.org\/index.php\/wp-json\/wp\/v2\/types\/post"}],"author":[{"embeddable":true,"href":"http:\/\/conseilfrancaisducerveau.org\/index.php\/wp-json\/wp\/v2\/users\/1"}],"replies":[{"embeddable":true,"href":"http:\/\/conseilfrancaisducerveau.org\/index.php\/wp-json\/wp\/v2\/comments?post=117"}],"version-history":[{"count":3,"href":"http:\/\/conseilfrancaisducerveau.org\/index.php\/wp-json\/wp\/v2\/posts\/117\/revisions"}],"predecessor-version":[{"id":128,"href":"http:\/\/conseilfrancaisducerveau.org\/index.php\/wp-json\/wp\/v2\/posts\/117\/revisions\/128"}],"wp:attachment":[{"href":"http:\/\/conseilfrancaisducerveau.org\/index.php\/wp-json\/wp\/v2\/media?parent=117"}],"wp:term":[{"taxonomy":"category","embeddable":true,"href":"http:\/\/conseilfrancaisducerveau.org\/index.php\/wp-json\/wp\/v2\/categories?post=117"},{"taxonomy":"post_tag","embeddable":true,"href":"http:\/\/conseilfrancaisducerveau.org\/index.php\/wp-json\/wp\/v2\/tags?post=117"}],"curies":[{"name":"wp","href":"https:\/\/api.w.org\/{rel}","templated":true}]}}