{"id":146,"date":"2018-05-17T11:51:20","date_gmt":"2018-05-17T10:51:20","guid":{"rendered":"http:\/\/conseilfrancaisducerveau.org\/?p=146"},"modified":"2018-08-28T16:10:26","modified_gmt":"2018-08-28T15:10:26","slug":"bilan-annuel-42017-42018","status":"publish","type":"post","link":"http:\/\/conseilfrancaisducerveau.org\/index.php\/2018\/05\/17\/bilan-annuel-42017-42018\/","title":{"rendered":"Bilan annuel 2017"},"content":{"rendered":"<p>Le bilan annuel du FBC est r\u00e9sum\u00e9 ci-dessous et disponible <a href=\"http:\/\/conseilfrancaisducerveau.org\/wp-content\/uploads\/2018\/05\/FBC-annual-report-1.docx\"><strong>ici<\/strong> (version anglaise)<\/a>.<\/p>\n<ul>\n<li>Le FBC s&#8217;est \u00e9tendu avec l&#8217;adh\u00e9sion de la <a href=\"http:\/\/www.frcneurodon.org\">F\u00e9d\u00e9ration pour la Recherche sur le Cerveau<\/a> (qui regroupe six associations de patients sur des pathologies affectant 6 millions de personnes en France), le r\u00e9seau fran\u00e7ais des infrastructures de recherche clinique <a href=\"http:\/\/www.fcrin.org\/\">F-CRIN<\/a> (French Clinical Research Infrastructure Network), le <a href=\"https:\/\/www.congresfrancaispsychiatrie.org\">Congr\u00e8s Francais de Psychiatrie<\/a> qui regroupe plus de 90 associations de psychiatres et patients, et l&#8217;<a href=\"https:\/\/icm-institute.org\/fr\/\">Institut du Cerveau et la Moelle<\/a>, un des plus grands centres fran\u00e7ais de neurosciences cliniques et fondamentales.<\/li>\n<li>Le FBC a entrepris de travailler sur les enjeux de la recherche sur le cerveau avec l&#8217;<a href=\"https:\/\/itneuro.aviesan.fr\/\">Institut Th\u00e9matique Multi-Organisme (ITMO) Neurosciences, Sciences Cognitives, Neurologie, Psychiatrie<\/a> qui regroupe les grands acteurs de la recherche fran\u00e7aise fondamentale et clinique men\u00e9e dans le champ du syst\u00e8me nerveux.<\/li>\n<li>Le FBC organise un symposium \u2018The revival of Neuropsychiatry: a Neuro-scientific evidence\u2019 dans le cadre du <a href=\"https:\/\/www.neurosciences.asso.fr\/V2\/colloques\/SN19\/\">colloque bi-annuel de la Soci\u00e9t\u00e9 des Neurosciences<\/a>.<\/li>\n<li>Dans le cadre de son action europ\u00e9enne, le FBC a r\u00e9pondu avec les <a href=\"http:\/\/www.braincouncil.eu\/about-us\/national-brain-councils\/\">National Brain Councils<\/a> europ\u00e9ens au questionnaire sur l&#8217;\u00e9tat de la prise en charge des maladies du cerveau, en pr\u00e9paration de prises de position europ\u00e9ennes sur le sujet.<\/li>\n<li>Le FBC a \u00e9tendu son <a href=\"http:\/\/conseilfrancaisducerveau.org\/index.php\/presentation\/les-experts-du-conseil-francais-du-cerveau\/\">panel d&#8217;expert<\/a> avec l&#8217;inclusion <strong>Florence Pasquier<\/strong> and <strong>Pierre Krolak Salmon<\/strong> sur les th\u00e9matiques de la maladie d&#8217;Alzheimer et des d\u00e9sordres cognitifs.\n<p class=\"western\" lang=\"en-US\">\n<\/li>\n<\/ul>\n<p>&nbsp;<\/p>\n<p>&nbsp;<\/p>\n","protected":false},"excerpt":{"rendered":"<p>Le bilan annuel du FBC est r\u00e9sum\u00e9 ci-dessous et disponible ici (version anglaise). Le FBC s&#8217;est \u00e9tendu avec l&#8217;adh\u00e9sion de la F\u00e9d\u00e9ration pour la Recherche sur le Cerveau (qui regroupe <a class=\"more-link\" href=\"http:\/\/conseilfrancaisducerveau.org\/index.php\/2018\/05\/17\/bilan-annuel-42017-42018\/\">Lire la suite \u2192<\/a><\/p>\n","protected":false},"author":1,"featured_media":0,"comment_status":"closed","ping_status":"closed","sticky":false,"template":"","format":"standard","meta":[],"categories":[1],"tags":[11,10,12,4],"_links":{"self":[{"href":"http:\/\/conseilfrancaisducerveau.org\/index.php\/wp-json\/wp\/v2\/posts\/146"}],"collection":[{"href":"http:\/\/conseilfrancaisducerveau.org\/index.php\/wp-json\/wp\/v2\/posts"}],"about":[{"href":"http:\/\/conseilfrancaisducerveau.org\/index.php\/wp-json\/wp\/v2\/types\/post"}],"author":[{"embeddable":true,"href":"http:\/\/conseilfrancaisducerveau.org\/index.php\/wp-json\/wp\/v2\/users\/1"}],"replies":[{"embeddable":true,"href":"http:\/\/conseilfrancaisducerveau.org\/index.php\/wp-json\/wp\/v2\/comments?post=146"}],"version-history":[{"count":5,"href":"http:\/\/conseilfrancaisducerveau.org\/index.php\/wp-json\/wp\/v2\/posts\/146\/revisions"}],"predecessor-version":[{"id":174,"href":"http:\/\/conseilfrancaisducerveau.org\/index.php\/wp-json\/wp\/v2\/posts\/146\/revisions\/174"}],"wp:attachment":[{"href":"http:\/\/conseilfrancaisducerveau.org\/index.php\/wp-json\/wp\/v2\/media?parent=146"}],"wp:term":[{"taxonomy":"category","embeddable":true,"href":"http:\/\/conseilfrancaisducerveau.org\/index.php\/wp-json\/wp\/v2\/categories?post=146"},{"taxonomy":"post_tag","embeddable":true,"href":"http:\/\/conseilfrancaisducerveau.org\/index.php\/wp-json\/wp\/v2\/tags?post=146"}],"curies":[{"name":"wp","href":"https:\/\/api.w.org\/{rel}","templated":true}]}}